{"id":480,"date":"2026-06-02T11:44:05","date_gmt":"2026-06-02T09:44:05","guid":{"rendered":"https:\/\/animacirque.com\/?p=480"},"modified":"2026-08-11T11:23:43","modified_gmt":"2026-08-11T09:23:43","slug":"stage-adulte-voix-rythme-et-corps-du-15-au-20-aout-2026","status":"publish","type":"post","link":"https:\/\/animacirque.com\/index.php\/2026\/06\/02\/stage-adulte-voix-rythme-et-corps-du-15-au-20-aout-2026\/","title":{"rendered":"Stage Adulte : Voix, rythme et corps du 15 au 20 ao\u00fbt 2026"},"content":{"rendered":"\n<p>Exploration de la voix, du rythme et du corps<\/p>\n\n\n\n<p><strong><u>Les th\u00e8mes abord\u00e9s<\/u><\/strong>&nbsp;:&nbsp;<\/p>\n\n\n\n<p>&#8211;&nbsp;&nbsp;&nbsp;&nbsp;&nbsp;&nbsp;&nbsp; <strong>Le chant improvis\u00e9<\/strong>, essentiellement avec l&rsquo;outil de circle song et de jeux autour de la voix.&nbsp;<\/p>\n\n\n\n<p>Objectifs : oser sa voix, explorer sa cr\u00e9ativit\u00e9, d\u00e9couvrir quelques outils techniques, travailler les harmonies et les diff\u00e9rents rythmes, exp\u00e9rimenter l\u2019utilisation du looper (RC 505)<\/p>\n\n\n\n<p>&#8211;&nbsp;&nbsp;&nbsp;&nbsp;&nbsp;&nbsp;&nbsp; <strong>La pratique du rythme <\/strong>notamment lors de drum circles et d\u2019initiation \u00e0 la body percussion et au beat box. Nous fournissons les instruments : djemb\u00e9, darbouka, shakers, cuill\u00e8res&#8230; Vos instruments sont \u00e9galement bienvenus.<\/p>\n\n\n\n<p>Objectifs: sentir le tempo, trouver sa place au sein d&rsquo;un groupe, explorer les solos, sentir le l\u00e2cher prise via la pratique, explorer des sons produits par son corps&nbsp;<\/p>\n\n\n\n<p>&#8211;&nbsp;&nbsp;&nbsp;&nbsp;&nbsp;&nbsp;&nbsp; <strong>Pratiques corporelles inspir\u00e9es du cirque&nbsp;<\/strong>: chaque jour en fin de journ\u00e9e on proposera un atelier d\u2019initiation \u00e0 une pratique de cirque (clown, accro port\u00e9, manipulation d\u2019objets et jonglerie, trap\u00e8ze, jeux d\u2019\u00e9quilibre) &nbsp;&nbsp;<\/p>\n\n\n\n<p>&#8211;&nbsp;&nbsp;&nbsp;&nbsp;&nbsp;&nbsp;&nbsp; <strong>Le jeu<\/strong>&nbsp;sera tr\u00e8s pr\u00e9sent tout au long de la semaine, \u00e0 travers les diff\u00e9rentes pratiques pour nourrir le plaisir individuel et collectif (jeux de confiance, de coh\u00e9sion de groupe, de l\u00e2cher prise, \u2026).<\/p>\n\n\n\n<p><strong><u>Organisation&nbsp;<\/u><\/strong><\/p>\n\n\n\n<p><strong>Arriv\u00e9e samedi 15 ao\u00fbt fin d&rsquo;apr\u00e8s-midi<\/strong> pour manger ensemble, d\u00e9couvrir le lieu et commencer la pratique le dimanche et <strong>d\u00e9part le jeudi 20 au soir ou le vendredi 21 en matin\u00e9e<\/strong>.\u00a0<\/p>\n\n\n\n<p>Exemple d\u2019une <strong>journ\u00e9e type\u00a0<\/strong>(sous r\u00e9serve de changement)<\/p>\n\n\n\n<p>&#8211;&nbsp;&nbsp;&nbsp;&nbsp;&nbsp;&nbsp;&nbsp; Petit d\u00e9jeuner\/baignade&#8230;&nbsp;<\/p>\n\n\n\n<p>&#8211;&nbsp;&nbsp;&nbsp;&nbsp;&nbsp;&nbsp;&nbsp; 10h-12h : pratique autour du chant improvis\u00e9.&nbsp;<\/p>\n\n\n\n<p>&#8211;&nbsp;&nbsp;&nbsp;&nbsp;&nbsp;&nbsp;&nbsp; 12h-14h: repas\/repos\/balades\/baignades&#8230;&nbsp;<\/p>\n\n\n\n<p>&#8211;&nbsp;&nbsp;&nbsp;&nbsp;&nbsp;&nbsp;&nbsp; 14h-16h: pratique autour du rythme&nbsp;<\/p>\n\n\n\n<p>&#8211;&nbsp;&nbsp;&nbsp;&nbsp;&nbsp;&nbsp;&nbsp; 16h-17h: pause<\/p>\n\n\n\n<p>&#8211;&nbsp;&nbsp;&nbsp;&nbsp;&nbsp;&nbsp;&nbsp; 17h-19h: pratique autour du cirque&nbsp;<\/p>\n\n\n\n<p>&#8211;&nbsp;&nbsp;&nbsp;&nbsp;&nbsp;&nbsp;&nbsp; 19h-20h: pause<\/p>\n\n\n\n<p>&#8211;&nbsp;&nbsp;&nbsp;&nbsp;&nbsp;&nbsp;&nbsp; 20h-&#8230;: repas<\/p>\n\n\n\n<p>&#8211;&nbsp;&nbsp;&nbsp;&nbsp;&nbsp;&nbsp;&nbsp; Soir\u00e9e : libre, jeux, jam, balades&#8230;&nbsp;<\/p>\n\n\n\n<p>Notez que chaque atelier est libre&nbsp;: si vous pr\u00e9f\u00e9rez vous balader ou vous reposer pendant un atelier, c\u2019est tout \u00e0 fait possible, l\u2019id\u00e9e est d\u2019\u00eatre pleinement pr\u00e9sent lors de votre participation aux ateliers.<\/p>\n\n\n\n<p><strong><u>H\u00e9bergement<\/u><\/strong><\/p>\n\n\n\n<p>Le lieu est tr\u00e8s beau et inspirant, en pleine nature, avec une vue \u00e0 360\u00b0, une belle piscine naturelle et de beaux b\u00e2timents traditionnels restaur\u00e9s r\u00e9cemment. Il y aussi de belles randonn\u00e9es \u00e0 faire au d\u00e9part m\u00eame du lieu.&nbsp;<\/p>\n\n\n\n<p>Le logement se fera sous tente ou en camion avec votre \u00e9quipement.&nbsp;Il y a de quoi se trouver des petits coins sympas pour faire le plein de nature et de ciels \u00e9toil\u00e9s.&nbsp;Pour les diff\u00e9rents ateliers, nous disposons de plusieurs espaces en fonction des besoins. Sur place il y a 2 belles salles de bains et toilettes dans lesquelles on pourra d&rsquo;ailleurs faire des exp\u00e9riences vocales vu la taille de celles-ci et la qualit\u00e9 de la r\u00e9verbe \ud83d\ude42&nbsp;<\/p>\n\n\n\n<p><strong><u>Co\u00fbt et nourriture<\/u><\/strong><\/p>\n\n\n\n<p>Nous demandons une participation fixe de <strong>250 euros pour la pension compl\u00e8te<\/strong>.<\/p>\n\n\n\n<p>La nourriture sera pr\u00e9par\u00e9e&nbsp;par Nour et \u00e0 chaque repas (midi et soir) l\u2019un.e d\u2019entre nous donnera un coup de main. Les plats seront faits \u00e0 partir de produits bio et locaux (dans la mesure du possible) et essentiellement v\u00e9g\u00e9tariens.&nbsp;Si vous avez un r\u00e9gime sp\u00e9cifique, merci de nous en faire part.<\/p>\n\n\n\n<p>Pour <strong>les frais p\u00e9dagogiques<\/strong> nous demandons une <strong>contribution libre et consciente<\/strong> qui sera \u00e0 r\u00e9gler \u00e0 la fin du stage.&nbsp;<\/p>\n\n\n\n<p><strong><u>Qui sommes-nous&nbsp;?<\/u><\/strong><\/p>\n\n\n\n<p>Aymeric s\u2019initie aux percussions \u00e0 l\u2019adolescence dans le cadre de drums circles qui s\u2019organisent r\u00e9guli\u00e8rement en pleine nature. C\u2019est dans ce contexte qu\u2019il d\u00e9veloppe son jeu et son amour pour le rythme improvis\u00e9 pratiqu\u00e9 en groupe. Il d\u00e9couvre plus tard le beat box et les percussions corporelles notamment avec Gaspard Herblot et les musiques sign\u00e9es avec le groupe Sysmo. A Bruxelles, il rejoint \u00e9galement le groupe Fujin, un instrumentarium interactif percussif compos\u00e9 d\u2019instruments originaux. En 2014, il se forme \u00e0 la p\u00e9dagogie du cirque \u00e0 l&rsquo;\u00c9cole de Cirque de Bruxelles. Il pratique ensuite le clown avec Fran\u00e7oise de Gottal, Nicolas Otteneimer, Jon Davison\u2026 et collabore avec&nbsp;\u00ab&nbsp;Clowns Sans Fronti\u00e8res&nbsp;\u00bb. En 2022, il d\u00e9couvre l\u2019univers du circle song lors des 10 ans de \u00ab&nbsp;Chants pour tous&nbsp;\u00bb et s&rsquo;est form\u00e9 depuis aupr\u00e8s de Nicolas Mahnich, Ga\u00ebl Aubry, David Eskenazy et Lior Shoov. Partager ses passions aupr\u00e8s de groupes divers l\u2019anime particuli\u00e8rement. C\u2019est donc naturellement devenu son activit\u00e9 principale depuis une dizaine d&rsquo;ann\u00e9es.<\/p>\n\n\n\n<p>La musique est pr\u00e9sente dans la vie de Fanny depuis son enfance avec la pratique de la clarinette et du chant. Mais \u00e0 l\u2019adolescence, l\u2019ennui de la p\u00e9dagogie acad\u00e9mique l\u2019am\u00e8ne \u00e0 faire une pause dans sa pratique. C\u2019est \u00e0 l\u2019\u00e2ge adulte qu\u2019elle reprend la clarinette, qu\u2019elle s\u2019initie \u00e0 diff\u00e9rents r\u00e9pertoires musicaux traditionnels&nbsp;: flamenco, chants du Maroc, chants Bulgares\u2026 et qu\u2019elle d\u00e9couvre la pratique du cirque, du clown et du chant improvis\u00e9. Elle cherche des m\u00e9thodes vivantes et des exp\u00e9riences immersives pour nourrir le plaisir et le partage qu\u2019apportent ces pratiques. En parall\u00e8le, elle travaille en tant qu\u2019infirmi\u00e8re et sage-femme. Depuis peu, elle d\u00e9cide de se d\u00e9dier enti\u00e8rement \u00e0 la musique, au spectacle vivant pour les tout petits et \u00e0 la p\u00e9dagogie du cirque pour enfants. Ce qui l\u2019anime, c\u2019est la sensibilit\u00e9, la fragilit\u00e9 et en m\u00eame temps la force de ces pratiques, surtout quand elles sont partag\u00e9es.&nbsp;<\/p>\n\n\n\n<p>Ce stage <strong><u>s&rsquo;adresse \u00e0<\/u><\/strong> toute personne d\u00e9sirant&nbsp;:<\/p>\n\n\n\n<p>1.&nbsp;&nbsp;&nbsp;&nbsp;&nbsp;&nbsp; Explorer ou d\u00e9velopper sa voix, sa cr\u00e9ativit\u00e9 et sa capacit\u00e9 \u00e0 l\u00e2cher prise vocalement.&nbsp;Autrement dit \u00ab\u00a0oser sa voix\u00a0\u00bb. Ce n&rsquo;est pas un stage de technique vocale&nbsp;mais (plut\u00f4t) une invitation \u00e0 exp\u00e9rimenter votre voix en \u00e9tant dans le ressenti et le plaisir plut\u00f4t que dans le mental.<\/p>\n\n\n\n<p>2.&nbsp;&nbsp;&nbsp;&nbsp;&nbsp;&nbsp; Sentir et travailler le rythme de mani\u00e8re ludique<\/p>\n\n\n\n<p>3.&nbsp;&nbsp;&nbsp;&nbsp;&nbsp;&nbsp; D\u00e9couvrir ou d\u00e9velopper diff\u00e9rentes capacit\u00e9s du corps dans des pratiques de cirque<\/p>\n\n\n\n<p>4.&nbsp;&nbsp;&nbsp;&nbsp;&nbsp;&nbsp; Se marrer, rencontrer un groupe, l\u00e2cher la pression, prendre du recul sur notre masque social, nos blocages, \u2026<\/p>\n\n\n\n<p>5.&nbsp;&nbsp;&nbsp;&nbsp;&nbsp;&nbsp; Pr\u00e9requis&nbsp;: aucun pr\u00e9requis n\u2019est demand\u00e9, mis \u00e0 part d\u2019avoir la curiosit\u00e9 et l\u2019envie de chanter, de faire du rythme, de l\u00e2cher prise et de d\u00e9couvrir de nouvelles pratiques.&nbsp;<\/p>\n\n\n\n<p><strong><u>Petit r\u00e9capitulatif&nbsp;:<\/u><\/strong><\/p>\n\n\n\n<p>&#8211;&nbsp;&nbsp;&nbsp;&nbsp;&nbsp;&nbsp;&nbsp; Stage d\u2019exploration de la voix, du rythme, de nos capacit\u00e9s corporelles,&nbsp;de d\u00e9connade et de partage<\/p>\n\n\n\n<p>&#8211;&nbsp;&nbsp;&nbsp;&nbsp;&nbsp;&nbsp;&nbsp; Lieu&nbsp;: Mas Maury, Veyreau (Aveyron)<\/p>\n\n\n\n<p>&#8211;\u00a0\u00a0\u00a0\u00a0\u00a0\u00a0\u00a0 Dates\u00a0: 15 au 20 ao\u00fbt. Arriv\u00e9e le samedi 15 l&rsquo;apr\u00e8s-midi, d\u00e9part le jeudi 20 ao\u00fbt au soir ou le vendredi 21 au matin. <\/p>\n\n\n\n<p>&#8211;&nbsp;&nbsp;&nbsp;&nbsp;&nbsp;&nbsp;&nbsp; Prix&nbsp;: 250euro pour pension compl\u00e8te + contribution libre et consciente pour les frais p\u00e9dagogiques<\/p>\n\n\n\n<p>&#8211;&nbsp;&nbsp;&nbsp;&nbsp;&nbsp;&nbsp;&nbsp; H\u00e9bergement sous tente avec sanitaires pr\u00e9vus<\/p>\n\n\n\n<p>&#8211;&nbsp;&nbsp;&nbsp;&nbsp;&nbsp;&nbsp;&nbsp; Belles infrastructures pour les pratiques de chant, rythme et pratique corporelle au frais (salle en int\u00e9rieur, chapiteau, \u2026)<\/p>\n\n\n\n<p>&#8211;&nbsp;&nbsp;&nbsp;&nbsp;&nbsp;&nbsp;&nbsp; Lieu en pleine nature avec une belle piscine naturelle, des balades \u00e0 proximit\u00e9, \u2026. Une super occasion de se ressourcer, de faire le plein d&rsquo;\u00e9nergie et de nature.&nbsp;<\/p>\n\n\n\n<iframe id=\"haWidget\" allowtransparency=\"true\" scrolling=\"auto\" src=\"https:\/\/www.helloasso.com\/associations\/fruits-verts-entertainment\/evenements\/stage-exploration-de-la-voix-du-rythme-et-du-corps\/widget\" style=\"width: 100%; height: 750px; border: none;\" onload=\"window.addEventListener('message', function(e) { const dataHeight = e.data.height; const haWidgetElement = document.getElementById('haWidget'); \n  if (dataHeight > parseFloat(haWidgetElement.height || 0)) { haWidgetElement.height = dataHeight + &lsquo;px&rsquo;;}})\u00a0\u00bb><\/iframe>\n\n\n\n<ul class=\"wp-block-list\">\n<li><\/li>\n<\/ul>\n\n\n\n<p><\/p>\n","protected":false},"excerpt":{"rendered":"<p>Exploration de la voix, du rythme et du corps Les th\u00e8mes abord\u00e9s&nbsp;:&nbsp; &#8211;&nbsp;&nbsp;&nbsp;&nbsp;&nbsp;&nbsp;&nbsp; Le chant&#8230;<\/p>\n<div class=\"more-link-wrapper\"><a class=\"more-link\" href=\"https:\/\/animacirque.com\/index.php\/2026\/06\/02\/stage-adulte-voix-rythme-et-corps-du-15-au-20-aout-2026\/\">Read the post<span class=\"screen-reader-text\">Stage Adulte : Voix, rythme et corps du 15 au 20 ao\u00fbt 2026<\/span><\/a><\/div>\n","protected":false},"author":2,"featured_media":552,"comment_status":"closed","ping_status":"closed","sticky":false,"template":"","format":"standard","meta":{"footnotes":""},"categories":[1],"tags":[],"class_list":["post-480","post","type-post","status-publish","format-standard","has-post-thumbnail","hentry","category-non-classe","excerpt","zoom","full-without-featured","even","excerpt-0"],"_links":{"self":[{"href":"https:\/\/animacirque.com\/index.php\/wp-json\/wp\/v2\/posts\/480","targetHints":{"allow":["GET"]}}],"collection":[{"href":"https:\/\/animacirque.com\/index.php\/wp-json\/wp\/v2\/posts"}],"about":[{"href":"https:\/\/animacirque.com\/index.php\/wp-json\/wp\/v2\/types\/post"}],"author":[{"embeddable":true,"href":"https:\/\/animacirque.com\/index.php\/wp-json\/wp\/v2\/users\/2"}],"replies":[{"embeddable":true,"href":"https:\/\/animacirque.com\/index.php\/wp-json\/wp\/v2\/comments?post=480"}],"version-history":[{"count":14,"href":"https:\/\/animacirque.com\/index.php\/wp-json\/wp\/v2\/posts\/480\/revisions"}],"predecessor-version":[{"id":570,"href":"https:\/\/animacirque.com\/index.php\/wp-json\/wp\/v2\/posts\/480\/revisions\/570"}],"wp:featuredmedia":[{"embeddable":true,"href":"https:\/\/animacirque.com\/index.php\/wp-json\/wp\/v2\/media\/552"}],"wp:attachment":[{"href":"https:\/\/animacirque.com\/index.php\/wp-json\/wp\/v2\/media?parent=480"}],"wp:term":[{"taxonomy":"category","embeddable":true,"href":"https:\/\/animacirque.com\/index.php\/wp-json\/wp\/v2\/categories?post=480"},{"taxonomy":"post_tag","embeddable":true,"href":"https:\/\/animacirque.com\/index.php\/wp-json\/wp\/v2\/tags?post=480"}],"curies":[{"name":"wp","href":"https:\/\/api.w.org\/{rel}","templated":true}]}}